{"id":2215,"date":"2017-01-26T23:10:34","date_gmt":"2017-01-26T22:10:34","guid":{"rendered":"http:\/\/apabuenconsejo-madrid.es\/?p=2215"},"modified":"2017-01-26T23:10:34","modified_gmt":"2017-01-26T22:10:34","slug":"charlas-de-formacion-pastoral","status":"publish","type":"post","link":"https:\/\/apacbc.es\/apahistorico\/charlas-de-formacion-pastoral\/","title":{"rendered":"CHARLAS DE FORMACI\u00d3N B\u00cdBLICA"},"content":{"rendered":"<p><span style=\"color:#000000;\">Desde la APA os sugerimos y animamos a todos los padres a asistir a las charlas de formaci\u00f3n que desde el departamento de Pastoral del Colegio se organizan&#8230;<\/span><\/p>\n<p><img loading=\"lazy\" decoding=\"async\" class=\"alignleft\" src=\"https:\/\/apabuenconsejo-madrid.es\/wp-content\/uploads\/2017\/01\/4a2ed-reinotesoro.jpg\" alt=\"Imagen relacionada\" width=\"319\" height=\"247\" \/><span style=\"color:#000000;\">Pod\u00e9is encontrar toda la informaci\u00f3n\u00a0en\u00a0<\/span><a href=\"https:\/\/apabuenconsejo-madrid.es\/pastoral\/actividades-en-curso\/\" target=\"_blank\" rel=\"noopener\">Vocal\u00eda\u00a0de Pastoral\/actividades en curso<\/a><\/p>\n<p>&nbsp;<\/p>\n","protected":false},"excerpt":{"rendered":"<p>Desde la APA os sugerimos y animamos a todos los padres a asistir a las charlas de formaci\u00f3n que desde el departamento de Pastoral del Colegio se organizan&#8230; Pod\u00e9is encontrar toda la informaci\u00f3n\u00a0en\u00a0Vocal\u00eda\u00a0de Pastoral\/actividades en curso &nbsp;<\/p>\n","protected":false},"author":1,"featured_media":0,"comment_status":"closed","ping_status":"closed","sticky":false,"template":"","format":"standard","meta":{"footnotes":""},"categories":[7,10],"tags":[],"class_list":["post-2215","post","type-post","status-publish","format-standard","hentry","category-pastoral","category-sin-categoria"],"_links":{"self":[{"href":"https:\/\/apacbc.es\/apahistorico\/wp-json\/wp\/v2\/posts\/2215"}],"collection":[{"href":"https:\/\/apacbc.es\/apahistorico\/wp-json\/wp\/v2\/posts"}],"about":[{"href":"https:\/\/apacbc.es\/apahistorico\/wp-json\/wp\/v2\/types\/post"}],"author":[{"embeddable":true,"href":"https:\/\/apacbc.es\/apahistorico\/wp-json\/wp\/v2\/users\/1"}],"replies":[{"embeddable":true,"href":"https:\/\/apacbc.es\/apahistorico\/wp-json\/wp\/v2\/comments?post=2215"}],"version-history":[{"count":0,"href":"https:\/\/apacbc.es\/apahistorico\/wp-json\/wp\/v2\/posts\/2215\/revisions"}],"wp:attachment":[{"href":"https:\/\/apacbc.es\/apahistorico\/wp-json\/wp\/v2\/media?parent=2215"}],"wp:term":[{"taxonomy":"category","embeddable":true,"href":"https:\/\/apacbc.es\/apahistorico\/wp-json\/wp\/v2\/categories?post=2215"},{"taxonomy":"post_tag","embeddable":true,"href":"https:\/\/apacbc.es\/apahistorico\/wp-json\/wp\/v2\/tags?post=2215"}],"curies":[{"name":"wp","href":"https:\/\/api.w.org\/{rel}","templated":true}]}}