{"id":2669,"date":"2018-04-08T20:57:43","date_gmt":"2018-04-08T18:57:43","guid":{"rendered":"http:\/\/apabuenconsejo-madrid.es\/?p=2669"},"modified":"2018-04-08T20:57:43","modified_gmt":"2018-04-08T18:57:43","slug":"concurso-de-reposteria-fiestas-cbc-2018","status":"publish","type":"post","link":"https:\/\/apacbc.es\/apahistorico\/concurso-de-reposteria-fiestas-cbc-2018\/","title":{"rendered":"CONCURSO DE REPOSTER\u00cdA &#8211; FIESTAS CBC 2018"},"content":{"rendered":"<p><a href=\"https:\/\/apabuenconsejo-madrid.es\/wp-content\/uploads\/2016\/04\/cocinar-en-familia.gif\"><img loading=\"lazy\" decoding=\"async\" class=\"alignleft size-medium wp-image-1916\" src=\"https:\/\/apabuenconsejo-madrid.es\/wp-content\/uploads\/2016\/04\/cocinar-en-familia.gif?w=300\" alt=\"\" width=\"300\" height=\"237\" \/><\/a>Un a\u00f1o m\u00e1s llegan nuestras queridas Fiestas del cole. Entre muchas de las actividades en las que colabora la Asociaci\u00f3n de padres est\u00e1 la ayuda econ\u00f3mica para el kiosco solidario, en el cual, a\u00f1o tras a\u00f1o, realizamos el estupendo <strong>Concurso de reposter\u00eda<\/strong>&#8230;.<a href=\"https:\/\/apabuenconsejo-madrid.es\/fiestas-cbc-2018\/\" target=\"_blank\" rel=\"noopener\">LEER MAS<\/a><\/p>\n","protected":false},"excerpt":{"rendered":"<p>Un a\u00f1o m\u00e1s llegan nuestras queridas Fiestas del cole. Entre muchas de las actividades en las que colabora la Asociaci\u00f3n de padres est\u00e1 la ayuda econ\u00f3mica para el kiosco solidario, en el cual, a\u00f1o tras a\u00f1o, realizamos el estupendo Concurso &hellip; <a href=\"https:\/\/apacbc.es\/apahistorico\/concurso-de-reposteria-fiestas-cbc-2018\/\">Sigue leyendo <span class=\"meta-nav\">&rarr;<\/span><\/a><\/p>\n","protected":false},"author":1,"featured_media":0,"comment_status":"closed","ping_status":"closed","sticky":false,"template":"","format":"standard","meta":{"footnotes":""},"categories":[7],"tags":[114],"class_list":["post-2669","post","type-post","status-publish","format-standard","hentry","category-pastoral","tag-fiestas-cbc"],"_links":{"self":[{"href":"https:\/\/apacbc.es\/apahistorico\/wp-json\/wp\/v2\/posts\/2669"}],"collection":[{"href":"https:\/\/apacbc.es\/apahistorico\/wp-json\/wp\/v2\/posts"}],"about":[{"href":"https:\/\/apacbc.es\/apahistorico\/wp-json\/wp\/v2\/types\/post"}],"author":[{"embeddable":true,"href":"https:\/\/apacbc.es\/apahistorico\/wp-json\/wp\/v2\/users\/1"}],"replies":[{"embeddable":true,"href":"https:\/\/apacbc.es\/apahistorico\/wp-json\/wp\/v2\/comments?post=2669"}],"version-history":[{"count":0,"href":"https:\/\/apacbc.es\/apahistorico\/wp-json\/wp\/v2\/posts\/2669\/revisions"}],"wp:attachment":[{"href":"https:\/\/apacbc.es\/apahistorico\/wp-json\/wp\/v2\/media?parent=2669"}],"wp:term":[{"taxonomy":"category","embeddable":true,"href":"https:\/\/apacbc.es\/apahistorico\/wp-json\/wp\/v2\/categories?post=2669"},{"taxonomy":"post_tag","embeddable":true,"href":"https:\/\/apacbc.es\/apahistorico\/wp-json\/wp\/v2\/tags?post=2669"}],"curies":[{"name":"wp","href":"https:\/\/api.w.org\/{rel}","templated":true}]}}