{"id":3611,"date":"2020-12-15T00:18:35","date_gmt":"2020-12-14T23:18:35","guid":{"rendered":"http:\/\/apabuenconsejo-madrid.es\/?p=3611"},"modified":"2020-12-15T00:18:35","modified_gmt":"2020-12-14T23:18:35","slug":"3611-2","status":"publish","type":"post","link":"https:\/\/apacbc.es\/apahistorico\/3611-2\/","title":{"rendered":"CONCURSO DISFRACES NAVIDE\u00d1OS APA CBC"},"content":{"rendered":"<h2><\/h2>\n<h2><strong><span style=\"color:#0000ff;\">CONCURSO DISFRACES NAVIDE\u00d1OS APA CBC<\/span><\/strong><\/h2>\n<p>Queridas familias,<br \/>\nLa Junta Directiva de la Asociaci\u00f3n de Padres de Alumnos del Colegio Nuestra Se\u00f1ora<br \/>\ndel Buen Consejo convoca el C<strong><span style=\"color:#0000ff;\">ONCURSO DE DISFRACES NAVIDE\u00d1OS APA BUEN<\/span><\/strong><br \/>\n<strong><span style=\"color:#0000ff;\">CONSEJO 2020<\/span><\/strong>, con el objetivo de disfrutar de estos preparativos de la Navidad en familia.<br \/>\nOs invitamos a participar a todas las familias del colegio, de manera individual a vuestros hijos, o de manera grupal a toda la familia junta.<\/p>\n<p><a href=\"https:\/\/apabuenconsejo-madrid.es\/wp-content\/uploads\/2020\/12\/istockphoto-1203922672-170667a.jpg\"><img loading=\"lazy\" decoding=\"async\" class=\" wp-image-3601\" src=\"https:\/\/apabuenconsejo-madrid.es\/wp-content\/uploads\/2020\/12\/istockphoto-1203922672-170667a.jpg?w=150\" alt=\"\" width=\"301\" height=\"301\"><\/a><\/p>\n<p><a href=\"https:\/\/apabuenconsejo-madrid.es\/relaciones-con-los-asociados\/actividades-en-curso\/\">Leer m\u00e1s<\/a><\/p>\n<h2><strong><span style=\"color:#0000ff;\"><em>CURSO NUEVO TESTAMENTO<\/em><\/span><\/strong><\/h2>\n<p><span style=\"color:#000000;\">Desde el departamento de pastoral del colegio nos ofrecen la posibilidad de participar en un curso sobre Nuevo Testamento durante <strong>una tarde de mi\u00e9rcoles al mes, de 17.30 a 19.00h<\/strong>. Es una interesante formaci\u00f3n <a href=\"https:\/\/apabuenconsejo-madrid.es\/wp-content\/uploads\/2013\/08\/2017-nt-cbc-1.jpg\"><img loading=\"lazy\" decoding=\"async\" class=\"size-medium wp-image-2427 alignright\" src=\"https:\/\/apabuenconsejo-madrid.es\/wp-content\/uploads\/2013\/08\/2017-nt-cbc-1.jpg?w=212\" alt=\"\" width=\"212\" height=\"300\"><\/a>para cultivar nuestra fe y conocer sus fundamentos b\u00edblicos. Est\u00e1is todos invitados. Ojal\u00e1 os anim\u00e9is muchos. las fechas previstas son:<br \/>\n2017<br \/>\n<strong>11 de octubre<\/strong>: El Jes\u00fas hist\u00f3rico y el Cristo de la fe.<br \/>\n<strong>8 de noviembre<\/strong>: Las comidas de Jes\u00fas y el banquete del Reino<br \/>\n<strong>13 de diciembre<\/strong>: Los relatos de la infancia<br \/>\n2018<br \/>\n<strong>10 de enero<\/strong>: El tacto de Jes\u00fas y los milagros<br \/>\n<strong>14 de febrero<\/strong>: Las cartas de Pablo y el corpus paulino<br \/>\n<\/span><\/p>\n<p><span style=\"color:#000000;\">El curso est\u00e1 <strong>a cargo de&nbsp;Do\u00f1a Inmaculada Rodr\u00edguez Torn\u00e9 Dra. en Filolog\u00eda B\u00edblica<\/strong>, Univ. Complutense, Madrid; reconocida especialista en el tema.<\/span><\/p>\n<p><span style=\"color:#000000;\">Os recordamos que, por el gran inter\u00e9s que tenemos en la Asociaci\u00f3n por la catequesis de nuestros hijos, desde la APA financiamos parte de las actividades de formaci\u00f3n de Pastoral.<\/span><\/p>\n<p><em><span style=\"color:#0000ff;text-decoration:underline;\">CAMPA\u00d1A DE RECOGIDA DE SELLOS USADOS<\/span><\/em><\/p>\n<p><span style=\"color:#000000;\">Dejadnos los&nbsp;sellos usados en un sobre en la oficina de la APA, y los haremos llegar al&nbsp;Centro Misionero Ad Gentes,&nbsp;dependiente de la Delegaci\u00f3n Episcopal de Misiones de Madrid.<\/span><br \/>\n<span style=\"color:#000000;\"> All\u00ed los seleccionan, limpian, empaquetan y venden&nbsp;a coleccionistas, destinando el dinero a las Misiones.<\/span><br \/>\n<span style=\"color:#000000;\"> \u00a1Ah! Dejad un espacio alrededor de los sellos; no los despegu\u00e9is de los sobres.<\/span><\/p>\n<p><strong><span style=\"color:#0000ff;\">CAMPA\u00d1AS CBC Curso 2013-2014<\/span><\/strong><\/p>\n<p><span style=\"color:#000000;\">Desde la Asociaci\u00f3n de Padres nos sentimos muy orgullosos de la generosidad de nuestras familias, por eso queremos compartir el resumen de las campa\u00f1as realizadas en el colegio, as\u00ed como la carta de agradecimiento del P. Alejandro Moral Ant\u00f3n, P. General de la Orden de S. Agust\u00edn por nuestra colaboraci\u00f3n en el Proyecto \u00abCONGO OSA\u00bb..<\/span>..<a title=\"Carta P.Alejandro\" href=\"https:\/\/apabuenconsejo-madrid.es\/wp-content\/uploads\/2014\/06\/carta-general-osa-congo-2014.pdf\" target=\"_blank\" rel=\"noopener\">LEER MAS<\/a><\/p>\n<p><a href=\"http:\/\/apabuenconsejo-madrid.es\/wp-content\/uploads\/2014\/06\/padre-alejandro_page_1.png\"><img loading=\"lazy\" decoding=\"async\" class=\"alignleft wp-image-1059 size-thumbnail\" src=\"http:\/\/apabuenconsejo-madrid.es\/wp-content\/uploads\/2014\/06\/padre-alejandro_page_1.png?w=120\" alt=\"padre alejandro_Page_1\" width=\"120\" height=\"150\"><\/a><\/p>\n<p><span style=\"color:#000000;\"><a href=\"http:\/\/apabuenconsejo-madrid.es\/wp-content\/uploads\/2014\/06\/foto-proyecto-del-cbc-congo-osa-2014.jpg\"><img loading=\"lazy\" decoding=\"async\" class=\"alignright wp-image-1056 size-thumbnail\" src=\"http:\/\/apabuenconsejo-madrid.es\/wp-content\/uploads\/2014\/06\/foto-proyecto-del-cbc-congo-osa-2014.jpg?w=150\" alt=\"FOTO - Proyecto del CBC 'CONGO-OSA' 2014\" width=\"150\" height=\"98\"><\/a><a title=\"Proyecto CBC CONGO-OSA\" href=\"https:\/\/apabuenconsejo-madrid.es\/wp-content\/uploads\/2014\/06\/proyecto-del-cbc-congo-osa-2014.pdf\" target=\"_blank\" rel=\"noopener\">Proyecto \u00abCONGO OSA\u00bb: <\/a>Campa\u00f1a de<br \/>\nRehabilitaci\u00f3n de los techos y adquisici\u00f3n de camas para el Juvenat (casa de formaci\u00f3n\/seminario de la Orden de San Agust\u00edn en el CONGO)<\/span><\/p>\n<p><a href=\"http:\/\/apabuenconsejo-madrid.es\/wp-content\/uploads\/2014\/06\/total-campac3b1as-cbc-13-14-web.png\"><img loading=\"lazy\" decoding=\"async\" class=\"alignnone wp-image-1055\" src=\"http:\/\/apabuenconsejo-madrid.es\/wp-content\/uploads\/2014\/06\/total-campac3b1as-cbc-13-14-web.png?w=210\" alt=\"TOTAL CAMPA\u00d1AS CBC (13-14-web)\" width=\"300\" height=\"427\"><\/a><\/p>\n","protected":false},"excerpt":{"rendered":"<p>CONCURSO DISFRACES NAVIDE\u00d1OS APA CBC Queridas familias, La Junta Directiva de la Asociaci\u00f3n de Padres de Alumnos del Colegio Nuestra Se\u00f1ora del Buen Consejo convoca el CONCURSO DE DISFRACES NAVIDE\u00d1OS APA BUEN CONSEJO 2020, con el objetivo de disfrutar de &hellip; <a href=\"https:\/\/apacbc.es\/apahistorico\/3611-2\/\">Sigue leyendo <span class=\"meta-nav\">&rarr;<\/span><\/a><\/p>\n","protected":false},"author":1,"featured_media":0,"comment_status":"closed","ping_status":"closed","sticky":false,"template":"","format":"standard","meta":{"footnotes":""},"categories":[9],"tags":[16,36,49,77,89],"class_list":["post-3611","post","type-post","status-publish","format-standard","hentry","category-relaciones-asociados","tag-apacbc","tag-disfraces","tag-familias","tag-navidad","tag-relacionconasociados"],"_links":{"self":[{"href":"https:\/\/apacbc.es\/apahistorico\/wp-json\/wp\/v2\/posts\/3611"}],"collection":[{"href":"https:\/\/apacbc.es\/apahistorico\/wp-json\/wp\/v2\/posts"}],"about":[{"href":"https:\/\/apacbc.es\/apahistorico\/wp-json\/wp\/v2\/types\/post"}],"author":[{"embeddable":true,"href":"https:\/\/apacbc.es\/apahistorico\/wp-json\/wp\/v2\/users\/1"}],"replies":[{"embeddable":true,"href":"https:\/\/apacbc.es\/apahistorico\/wp-json\/wp\/v2\/comments?post=3611"}],"version-history":[{"count":0,"href":"https:\/\/apacbc.es\/apahistorico\/wp-json\/wp\/v2\/posts\/3611\/revisions"}],"wp:attachment":[{"href":"https:\/\/apacbc.es\/apahistorico\/wp-json\/wp\/v2\/media?parent=3611"}],"wp:term":[{"taxonomy":"category","embeddable":true,"href":"https:\/\/apacbc.es\/apahistorico\/wp-json\/wp\/v2\/categories?post=3611"},{"taxonomy":"post_tag","embeddable":true,"href":"https:\/\/apacbc.es\/apahistorico\/wp-json\/wp\/v2\/tags?post=3611"}],"curies":[{"name":"wp","href":"https:\/\/api.w.org\/{rel}","templated":true}]}}