{"id":4776,"date":"2023-03-20T10:26:41","date_gmt":"2023-03-20T09:26:41","guid":{"rendered":"https:\/\/apabuenconsejo-madrid.es\/?p=4776"},"modified":"2023-03-20T10:26:41","modified_gmt":"2023-03-20T09:26:41","slug":"visita-al-museo-del-prado-para-ninos-2","status":"publish","type":"post","link":"https:\/\/apacbc.es\/apahistorico\/visita-al-museo-del-prado-para-ninos-2\/","title":{"rendered":"\u00a1VISITA AL MUSEO DEL PRADO PARA NI\u00d1OS!"},"content":{"rendered":"\n<p class=\"has-medium-font-size\" style=\"line-height:1.3\">Estimadas familias,<\/p>\n\n\n\n<p class=\"has-medium-font-size\" style=\"line-height:1.3\">\u00a0\u00a0\u00a0\u00a0\u00a0\u00a0\u00a0\u00a0\u00a0\u00a0\u00a0 La Asociaci\u00f3n de Padres y Madres del Colegio os propone una actividad \u00fanica para ni\u00f1os y ni\u00f1as de\u00a0<strong>4\u00ba a 6\u00ba de Primaria<\/strong>.<\/p>\n\n\n<div class=\"wp-block-image\">\n<figure class=\"aligncenter size-large\"><a href=\"https:\/\/apabuenconsejo-madrid.es\/wp-content\/uploads\/2023\/03\/museo-prado.png\"><img decoding=\"async\" src=\"https:\/\/apabuenconsejo-madrid.es\/wp-content\/uploads\/2023\/03\/museo-prado.png?w=524\" alt=\"\" class=\"wp-image-4778\" \/><\/a><\/figure><\/div>\n\n\n<p class=\"has-medium-font-size\" style=\"line-height:1.3\">Una\u00a0<strong>divertida visita<\/strong>\u2013<strong>taller<\/strong>\u00a0organizada por\u00a0<strong>Art Stories<\/strong>\u00a0(<a href=\"https:\/\/www.artstories.es\/\">https:\/\/www.artstories.es\/<\/a>), al Museo del Prado<\/p>\n\n\n\n<p><a href=\"https:\/\/apabuenconsejo-madrid.es\/cultura\/actividades-en-curso\/\">VER M\u00c1S<\/a><\/p>\n","protected":false},"excerpt":{"rendered":"<p>Estimadas familias, \u00a0\u00a0\u00a0\u00a0\u00a0\u00a0\u00a0\u00a0\u00a0\u00a0\u00a0 La Asociaci\u00f3n de Padres y Madres del Colegio os propone una actividad \u00fanica para ni\u00f1os y ni\u00f1as de\u00a04\u00ba a 6\u00ba de Primaria. Una\u00a0divertida visita\u2013taller\u00a0organizada por\u00a0Art Stories\u00a0(https:\/\/www.artstories.es\/), al Museo del Prado VER M\u00c1S<\/p>\n","protected":false},"author":1,"featured_media":0,"comment_status":"closed","ping_status":"closed","sticky":false,"template":"","format":"standard","meta":{"footnotes":""},"categories":[2,4,9],"tags":[16,30,49,72,79,87],"class_list":["post-4776","post","type-post","status-publish","format-standard","hentry","category-apa-cbc","category-cultura","category-relaciones-asociados","tag-apacbc","tag-cultura","tag-familias","tag-museos","tag-ninos","tag-primaria"],"_links":{"self":[{"href":"https:\/\/apacbc.es\/apahistorico\/wp-json\/wp\/v2\/posts\/4776"}],"collection":[{"href":"https:\/\/apacbc.es\/apahistorico\/wp-json\/wp\/v2\/posts"}],"about":[{"href":"https:\/\/apacbc.es\/apahistorico\/wp-json\/wp\/v2\/types\/post"}],"author":[{"embeddable":true,"href":"https:\/\/apacbc.es\/apahistorico\/wp-json\/wp\/v2\/users\/1"}],"replies":[{"embeddable":true,"href":"https:\/\/apacbc.es\/apahistorico\/wp-json\/wp\/v2\/comments?post=4776"}],"version-history":[{"count":0,"href":"https:\/\/apacbc.es\/apahistorico\/wp-json\/wp\/v2\/posts\/4776\/revisions"}],"wp:attachment":[{"href":"https:\/\/apacbc.es\/apahistorico\/wp-json\/wp\/v2\/media?parent=4776"}],"wp:term":[{"taxonomy":"category","embeddable":true,"href":"https:\/\/apacbc.es\/apahistorico\/wp-json\/wp\/v2\/categories?post=4776"},{"taxonomy":"post_tag","embeddable":true,"href":"https:\/\/apacbc.es\/apahistorico\/wp-json\/wp\/v2\/tags?post=4776"}],"curies":[{"name":"wp","href":"https:\/\/api.w.org\/{rel}","templated":true}]}}