{"id":4948,"date":"2023-05-29T12:27:07","date_gmt":"2023-05-29T10:27:07","guid":{"rendered":"https:\/\/apabuenconsejo-madrid.es\/?p=4948"},"modified":"2023-05-29T12:27:07","modified_gmt":"2023-05-29T10:27:07","slug":"las-flores-de-georgia-okeeffe","status":"publish","type":"post","link":"https:\/\/apacbc.es\/apahistorico\/las-flores-de-georgia-okeeffe\/","title":{"rendered":"\u00a1Las Flores de Georgia O\u2019Keeffe!"},"content":{"rendered":"\n<p class=\"has-medium-font-size\" style=\"line-height:1.6\">Estimadas familias,<strong> La Asociaci\u00f3n de Padres del Colegio<\/strong> os propone una taller \u00fanico, como celebraci\u00f3n de fin de curso para familias con ni\u00f1os desde 3 a\u00f1os hasta 12 a\u00f1os, inspirado en la pintora contempor\u00e1nea <strong>Georgia O\u2019Keeffe.<\/strong> <\/p>\n\n\n\n<p class=\"has-medium-font-size\"><a href=\"https:\/\/apabuenconsejo-madrid.es\/cultura\/actividades-en-curso\/\">Ver m\u00e1s<\/a><\/p>\n\n\n\n<figure class=\"wp-block-image size-large\"><a href=\"https:\/\/apabuenconsejo-madrid.es\/wp-content\/uploads\/2023\/05\/georgia-o-keeffe-1.jpgportrait-1.jpg\"><img decoding=\"async\" src=\"https:\/\/apabuenconsejo-madrid.es\/wp-content\/uploads\/2023\/05\/georgia-o-keeffe-1.jpgportrait-1.jpg?w=323\" alt=\"\" class=\"wp-image-4949\" \/><\/a><\/figure>\n","protected":false},"excerpt":{"rendered":"<p>Estimadas familias, La Asociaci\u00f3n de Padres del Colegio os propone una taller \u00fanico, como celebraci\u00f3n de fin de curso para familias con ni\u00f1os desde 3 a\u00f1os hasta 12 a\u00f1os, inspirado en la pintora contempor\u00e1nea Georgia O\u2019Keeffe. Ver m\u00e1s<\/p>\n","protected":false},"author":1,"featured_media":0,"comment_status":"closed","ping_status":"closed","sticky":false,"template":"","format":"standard","meta":{"footnotes":""},"categories":[2,4,8,9],"tags":[16,30,49,55,86],"class_list":["post-4948","post","type-post","status-publish","format-standard","hentry","category-apa-cbc","category-cultura","category-relacion-con-los-asociados","category-relaciones-asociados","tag-apacbc","tag-cultura","tag-familias","tag-georgiaokeeffe","tag-pintura"],"_links":{"self":[{"href":"https:\/\/apacbc.es\/apahistorico\/wp-json\/wp\/v2\/posts\/4948"}],"collection":[{"href":"https:\/\/apacbc.es\/apahistorico\/wp-json\/wp\/v2\/posts"}],"about":[{"href":"https:\/\/apacbc.es\/apahistorico\/wp-json\/wp\/v2\/types\/post"}],"author":[{"embeddable":true,"href":"https:\/\/apacbc.es\/apahistorico\/wp-json\/wp\/v2\/users\/1"}],"replies":[{"embeddable":true,"href":"https:\/\/apacbc.es\/apahistorico\/wp-json\/wp\/v2\/comments?post=4948"}],"version-history":[{"count":0,"href":"https:\/\/apacbc.es\/apahistorico\/wp-json\/wp\/v2\/posts\/4948\/revisions"}],"wp:attachment":[{"href":"https:\/\/apacbc.es\/apahistorico\/wp-json\/wp\/v2\/media?parent=4948"}],"wp:term":[{"taxonomy":"category","embeddable":true,"href":"https:\/\/apacbc.es\/apahistorico\/wp-json\/wp\/v2\/categories?post=4948"},{"taxonomy":"post_tag","embeddable":true,"href":"https:\/\/apacbc.es\/apahistorico\/wp-json\/wp\/v2\/tags?post=4948"}],"curies":[{"name":"wp","href":"https:\/\/api.w.org\/{rel}","templated":true}]}}