{"id":5046,"date":"2023-10-26T19:43:59","date_gmt":"2023-10-26T17:43:59","guid":{"rendered":"https:\/\/apabuenconsejo-madrid.es\/?p=5046"},"modified":"2023-10-26T19:43:59","modified_gmt":"2023-10-26T17:43:59","slug":"gran-dia-de-las-familias","status":"publish","type":"post","link":"https:\/\/apacbc.es\/apahistorico\/gran-dia-de-las-familias\/","title":{"rendered":"GRAN D\u00cdA DE LAS FAMILIAS"},"content":{"rendered":"\n<p>Querida GRAN FAMILIA del CBC:<\/p>\n\n\n\n<p>Deseamos que hay\u00e1is empezado el curso con mucha ilusi\u00f3n y mucha energ\u00eda.<\/p>\n\n\n\n<p>Desde la Asociaci\u00f3n de Padres de Alumnos del colegio, queremos proponeros la primera gran fiesta del curso, el <strong>\u201cGRAN<\/strong><strong> <\/strong><strong>D\u00cdA<\/strong><strong> <\/strong><strong>DE<\/strong><strong> <\/strong><strong>LAS FAMILIAS\u201d<\/strong>, un encuentro de convivencia para nuestros hijos y para todos nosotros.<\/p>\n\n\n<div class=\"wp-block-image\">\n<figure class=\"aligncenter size-large is-resized\"><a href=\"https:\/\/apabuenconsejo-madrid.es\/wp-content\/uploads\/2023\/10\/klipartz.com_.png\"><img decoding=\"async\" src=\"https:\/\/apabuenconsejo-madrid.es\/wp-content\/uploads\/2023\/10\/klipartz.com_.png?w=1024\" alt=\"\" class=\"wp-image-5050\" style=\"width:312px;height:auto\" \/><\/a><\/figure><\/div>\n\n\n<p>Con toda nuestra ilusi\u00f3n y nuestro cari\u00f1o, queremos invitaros el pr\u00f3ximo <strong>30 DE SEPTIEMBRE <\/strong>a esta gran FIESTA<strong>,<\/strong><strong> <\/strong>que contar\u00e1 con el siguiente desarrollo:<\/p>\n\n\n\n<!--more-->\n\n\n\n<p>Celebraremos una <strong>EUCARIST\u00cdA <\/strong>en la capilla del colegio, a las 12:30 horas, para pedirle a Dios y a Ntra. Sra. del Buen Consejo que nos bendigan, nos protejan y nos gu\u00eden durante todo el curso.<\/p>\n\n\n\n<p>Y para no alimentar s\u00f3lo el esp\u00edritu, os invitamos a nuestra ya tradicional <strong>PAELLA, <\/strong>en el poli<strong>,<\/strong><strong> <\/strong>que nos van a preparar las personas que, con tanto cari\u00f1o, dan de comer a la mayor\u00eda de nuestros hijos durante el curso escolar, la empresa ALGADI. Nos ofrecer\u00e1n tambi\u00e9n el pan y el caf\u00e9 para acompa\u00f1ar los postres. Nosotros pondremos la bebida con lo que, si os apetece, s\u00f3lo ten\u00e9is que traer alg\u00fan aperitivo y postre para poder compartir con los dem\u00e1s, y alg\u00fan licorcito que con los postres no viene mal. Pero, sobre todo, traed muchas ganas de pasarlo bien y de disfrutar de este d\u00eda tan especial.<\/p>\n\n\n\n<p>Para los peques tendremos el <strong>CASTILLO HINCHABLE y TALLERES<\/strong>, para lo cual contamos con la valios\u00edsima colaboraci\u00f3n de nuestros queridos scouts, que como siempre, sabr\u00e1n entretenerles muy bien.<\/p>\n\n\n\n<p>En la sobremesa, todo el que quiera jugar al <strong>MUS<\/strong>, podr\u00e1 hacerlo en el comedor del cole, donde estar\u00e1n preparadas las cartas.<\/p>\n\n\n\n<p>Como en ocasiones anteriores, <strong>habilitaremos<\/strong><strong> <\/strong><strong>unas<\/strong><strong> <\/strong><strong>mesas<\/strong><strong> <\/strong><strong>s\u00f3lo<\/strong><strong> <\/strong><strong>para<\/strong><strong> <\/strong><strong>las<\/strong><strong> <\/strong><strong>familias<\/strong><strong> <\/strong><strong>del primer curso de<\/strong><strong> <\/strong><strong>Infantil (3 a\u00f1os)<\/strong>, con el objetivo de que puedan estar todos juntos y conocerse mejor.<\/p>\n\n\n\n<p>Os recordamos que la APA destinar\u00e1 la recaudaci\u00f3n de este D\u00eda de las Familias a aumentar nuestra partida de \u201cbolsa de ayudas\u201d, y por este motivo, de nuevo este a\u00f1o, tendr\u00e9is que <strong><u>comprar una pulsera conmemorativa para cada asistente<\/u><\/strong><strong>. El precio de esta pulsera ser\u00e1 de un <\/strong><strong><u>1 euro<\/u><\/strong><strong>, si la compr\u00e1is <u>en venta anticipada antes del d\u00eda 28 de septiembre<\/u>; y de <u>2 euros<\/u> si la adquir\u00eds el mismo d\u00eda 30 en las mesas habilitadas para ello. <\/strong>Es un precio simb\u00f3lico, pero multiplicado por MUCHOS, supondr\u00e1 una GRAN AYUDA.<\/p>\n\n\n\n<p>Para inscribiros y retirar la pulsera s\u00f3lo ten\u00e9is que rellenar vuestro nombre y el n\u00famero de personas que vais a venir, recortando el trocito de abajo y <strong><u>entregarlo en Conserjer\u00eda o en la oficina del APA, que estar\u00e1 abierta, lunes, mi\u00e9rcoles<\/u> <u>y viernes de 16.30 a 18.30 horas . Ten\u00e9is de plazo hasta el d\u00eda 28 de septiembre<\/u><\/strong>, para as\u00ed saber las tacitas de arroz que tienen que echar. Y recordad que el D\u00eda de las Familias tendr\u00e9is que traer puestas vuestras pulseras para acceder al poli. Esperamos veros a todos.<\/p>\n\n\n\n<p>Un fuerte abrazo,<\/p>\n\n\n\n<p>Juan Luis Jim\u00e9nez&nbsp;&nbsp;&nbsp;&nbsp;&nbsp;&nbsp;&nbsp;&nbsp;&nbsp;&nbsp;&nbsp;&nbsp;&nbsp;&nbsp;&nbsp;&nbsp;&nbsp;&nbsp;&nbsp;&nbsp;&nbsp;&nbsp;&nbsp;&nbsp;&nbsp;&nbsp;&nbsp;&nbsp;&nbsp;&nbsp;&nbsp;&nbsp;&nbsp;&nbsp;&nbsp;&nbsp;&nbsp;&nbsp;&nbsp;&nbsp;&nbsp;&nbsp;&nbsp;&nbsp;&nbsp;&nbsp;&nbsp;&nbsp;&nbsp;&nbsp;&nbsp;&nbsp;&nbsp;&nbsp;&nbsp;&nbsp;&nbsp;&nbsp;&nbsp;&nbsp;&nbsp;&nbsp;&nbsp;&nbsp;&nbsp;&nbsp;&nbsp;&nbsp;&nbsp;&nbsp;&nbsp;&nbsp;&nbsp;&nbsp;&nbsp;&nbsp;&nbsp;&nbsp; P. Jes\u00fas Sedano<\/p>\n\n\n\n<p><em>Presidente en funciones<\/em><em> <\/em><em>del<\/em><em> <\/em><em>APA&nbsp;&nbsp;&nbsp;&nbsp;&nbsp;&nbsp;&nbsp;&nbsp;&nbsp;&nbsp;&nbsp;&nbsp;&nbsp;&nbsp;&nbsp;&nbsp;&nbsp;&nbsp;&nbsp;&nbsp;&nbsp;&nbsp;&nbsp;&nbsp;&nbsp;&nbsp;&nbsp;&nbsp;&nbsp;&nbsp;&nbsp;&nbsp;&nbsp;&nbsp;&nbsp;&nbsp;&nbsp;&nbsp;&nbsp;&nbsp;&nbsp;&nbsp;&nbsp;&nbsp;&nbsp;&nbsp;&nbsp;&nbsp;&nbsp;&nbsp;&nbsp;&nbsp;&nbsp;&nbsp;&nbsp;&nbsp;&nbsp;&nbsp;&nbsp;&nbsp;&nbsp;&nbsp;&nbsp;&nbsp;&nbsp; <\/em><em>Director<\/em><em> <\/em><em>General<\/em><\/p>\n","protected":false},"excerpt":{"rendered":"<p>Querida GRAN FAMILIA del CBC: Deseamos que hay\u00e1is empezado el curso con mucha ilusi\u00f3n y mucha energ\u00eda. Desde la Asociaci\u00f3n de Padres de Alumnos del colegio, queremos proponeros la primera gran fiesta del curso, el \u201cGRAN D\u00cdA DE LAS FAMILIAS\u201d, &hellip; <a href=\"https:\/\/apacbc.es\/apahistorico\/gran-dia-de-las-familias\/\">Sigue leyendo <span class=\"meta-nav\">&rarr;<\/span><\/a><\/p>\n","protected":false},"author":1,"featured_media":0,"comment_status":"closed","ping_status":"closed","sticky":false,"template":"","format":"standard","meta":{"footnotes":""},"categories":[2,8,10],"tags":[49],"class_list":["post-5046","post","type-post","status-publish","format-standard","hentry","category-apa-cbc","category-relacion-con-los-asociados","category-sin-categoria","tag-familias"],"_links":{"self":[{"href":"https:\/\/apacbc.es\/apahistorico\/wp-json\/wp\/v2\/posts\/5046"}],"collection":[{"href":"https:\/\/apacbc.es\/apahistorico\/wp-json\/wp\/v2\/posts"}],"about":[{"href":"https:\/\/apacbc.es\/apahistorico\/wp-json\/wp\/v2\/types\/post"}],"author":[{"embeddable":true,"href":"https:\/\/apacbc.es\/apahistorico\/wp-json\/wp\/v2\/users\/1"}],"replies":[{"embeddable":true,"href":"https:\/\/apacbc.es\/apahistorico\/wp-json\/wp\/v2\/comments?post=5046"}],"version-history":[{"count":0,"href":"https:\/\/apacbc.es\/apahistorico\/wp-json\/wp\/v2\/posts\/5046\/revisions"}],"wp:attachment":[{"href":"https:\/\/apacbc.es\/apahistorico\/wp-json\/wp\/v2\/media?parent=5046"}],"wp:term":[{"taxonomy":"category","embeddable":true,"href":"https:\/\/apacbc.es\/apahistorico\/wp-json\/wp\/v2\/categories?post=5046"},{"taxonomy":"post_tag","embeddable":true,"href":"https:\/\/apacbc.es\/apahistorico\/wp-json\/wp\/v2\/tags?post=5046"}],"curies":[{"name":"wp","href":"https:\/\/api.w.org\/{rel}","templated":true}]}}