{"id":5134,"date":"2023-11-15T20:56:15","date_gmt":"2023-11-15T19:56:15","guid":{"rendered":"https:\/\/apabuenconsejo-madrid.es\/?p=5134"},"modified":"2023-11-15T20:56:15","modified_gmt":"2023-11-15T19:56:15","slug":"el-club-de-los-molones-musica-y-movimiento-ii","status":"publish","type":"post","link":"https:\/\/apacbc.es\/apahistorico\/el-club-de-los-molones-musica-y-movimiento-ii\/","title":{"rendered":"El club de los molones: m\u00fasica y movimiento II"},"content":{"rendered":"\n<p class=\"has-text-align-center\"><strong>Pr\u00f3xima fecha: 24 de noviembre de 2023.<\/strong><\/p>\n\n\n\n<p><strong>QU\u00c9<\/strong>: m\u00fasica, deporte, danza, iniciaci\u00f3n a autores (Vivaldi, Mozart), etc.<\/p>\n\n\n\n<p><strong>QUI\u00c9N<\/strong>: Patricia Gayoso (Magisterio Ed. Infantil y Lengua extranjera, profesora de Danza, ballet, sevillanas, m\u00fasica en familia, etc).<\/p>\n\n\n\n<p><strong>A QUI\u00c9N<\/strong>: De 3 A\u00d1OS hasta PRIMERO PRIMARIA (m\u00e1x. 15 ni\u00f1@s).<\/p>\n\n\n\n<p><strong>CU\u00c1NDO<\/strong>: <span style=\"text-decoration: underline\">\u00faltimo viernes de cada mes<\/span>. De 17:00 h. a 18:15 h. (se les lleva directamente desde clase).<\/p>\n\n\n\n<p><strong>CU\u00c1NTO<\/strong>: 6 \u20ac (asociados) \/ 10 \u20ac (no asociados). Lo recaudado se destinar\u00e1 \u00edntegramente a la bolsa de Ayuda a familias de la APA.<\/p>\n\n\n\n<p class=\"has-text-align-center has-large-font-size\"><a href=\"https:\/\/bit.ly\/apa-cbc-musicaymovimiento-nov\">INSCRIBITE AQUI<\/a><\/p>\n\n\n\n<figure class=\"wp-block-image size-large\"><a href=\"https:\/\/bit.ly\/apa-cbc-musicaymovimiento-nov\"><img decoding=\"async\" src=\"https:\/\/apabuenconsejo-madrid.es\/wp-content\/uploads\/2023\/10\/captura-de-pantalla-2023-10-31-230115.png?w=878\" alt=\"\" class=\"wp-image-5095\" \/><\/a><\/figure>\n\n\n\n<div class=\"wp-block-file\"><a id=\"wp-block-file--media-c1409efb-a0d3-4d41-b3ce-b440cfb7bee3\" href=\"https:\/\/apabuenconsejo-madrid.es\/wp-content\/uploads\/2023\/11\/el-club-de-los-molones-2.pdf\">el-club-de-los-molones-2<\/a><a href=\"https:\/\/apabuenconsejo-madrid.es\/wp-content\/uploads\/2023\/11\/el-club-de-los-molones-2.pdf\" class=\"wp-block-file__button wp-element-button\" download aria-describedby=\"wp-block-file--media-c1409efb-a0d3-4d41-b3ce-b440cfb7bee3\">Descarga<\/a><\/div>\n","protected":false},"excerpt":{"rendered":"<p>Pr\u00f3xima fecha: 24 de noviembre de 2023. QU\u00c9: m\u00fasica, deporte, danza, iniciaci\u00f3n a autores (Vivaldi, Mozart), etc. QUI\u00c9N: Patricia Gayoso (Magisterio Ed. Infantil y Lengua extranjera, profesora de Danza, ballet, sevillanas, m\u00fasica en familia, etc). A QUI\u00c9N: De 3 A\u00d1OS &hellip; <a href=\"https:\/\/apacbc.es\/apahistorico\/el-club-de-los-molones-musica-y-movimiento-ii\/\">Sigue leyendo <span class=\"meta-nav\">&rarr;<\/span><\/a><\/p>\n","protected":false},"author":1,"featured_media":0,"comment_status":"closed","ping_status":"closed","sticky":false,"template":"","format":"standard","meta":{"footnotes":""},"categories":[4,10],"tags":[16,49],"class_list":["post-5134","post","type-post","status-publish","format-standard","hentry","category-cultura","category-sin-categoria","tag-apacbc","tag-familias"],"_links":{"self":[{"href":"https:\/\/apacbc.es\/apahistorico\/wp-json\/wp\/v2\/posts\/5134"}],"collection":[{"href":"https:\/\/apacbc.es\/apahistorico\/wp-json\/wp\/v2\/posts"}],"about":[{"href":"https:\/\/apacbc.es\/apahistorico\/wp-json\/wp\/v2\/types\/post"}],"author":[{"embeddable":true,"href":"https:\/\/apacbc.es\/apahistorico\/wp-json\/wp\/v2\/users\/1"}],"replies":[{"embeddable":true,"href":"https:\/\/apacbc.es\/apahistorico\/wp-json\/wp\/v2\/comments?post=5134"}],"version-history":[{"count":0,"href":"https:\/\/apacbc.es\/apahistorico\/wp-json\/wp\/v2\/posts\/5134\/revisions"}],"wp:attachment":[{"href":"https:\/\/apacbc.es\/apahistorico\/wp-json\/wp\/v2\/media?parent=5134"}],"wp:term":[{"taxonomy":"category","embeddable":true,"href":"https:\/\/apacbc.es\/apahistorico\/wp-json\/wp\/v2\/categories?post=5134"},{"taxonomy":"post_tag","embeddable":true,"href":"https:\/\/apacbc.es\/apahistorico\/wp-json\/wp\/v2\/tags?post=5134"}],"curies":[{"name":"wp","href":"https:\/\/api.w.org\/{rel}","templated":true}]}}