{"id":5144,"date":"2023-11-25T00:27:27","date_gmt":"2023-11-24T23:27:27","guid":{"rendered":"https:\/\/apabuenconsejo-madrid.es\/?p=5144"},"modified":"2023-11-25T00:27:27","modified_gmt":"2023-11-24T23:27:27","slug":"iv-certamen-de-relato-corto-apa-buen-consejo","status":"publish","type":"post","link":"https:\/\/apacbc.es\/apahistorico\/iv-certamen-de-relato-corto-apa-buen-consejo\/","title":{"rendered":"IV Certamen de relato corto APA-BUEN CONSEJO"},"content":{"rendered":"\n<p>Queridas familias:<br>La Junta Directiva de la Asociaci\u00f3n de Padres de Alumnos del Colegio Nuestra Se\u00f1ora<br>del Buen Consejo convoca el VI CERTAMEN DE RELATO CORTO APA BUEN<br>CONSEJO 2024, con el objetivo de promover y estimular la creaci\u00f3n literaria entre los<br>alumnos del colegio.<br>El Certamen estar\u00e1 abierto a todos los alumnos matriculados en el centro desde la ESO<br>a Bachillerato, ambos cursos incluidos, y la tem\u00e1tica de los textos ser\u00e1 libre.<br>A continuaci\u00f3n, adjuntamos las Bases con toda la informaci\u00f3n detallada para participar,<br>agradeciendo de antemano vuestra colaboraci\u00f3n.<\/p>\n\n\n\n<div class=\"wp-block-cover is-light\" style=\"min-height:664px;aspect-ratio:unset;\"><span aria-hidden=\"true\" class=\"wp-block-cover__background has-background-dim\" style=\"background-color:#f0ecea\"><\/span><img decoding=\"async\" class=\"wp-block-cover__image-background wp-image-5146\" alt=\"\" src=\"https:\/\/apabuenconsejo-madrid.es\/wp-content\/uploads\/2023\/11\/captura-de-pantalla-2023-11-24-225805-3849956873-e1700868226881.png\" data-object-fit=\"cover\" \/><div class=\"wp-block-cover__inner-container is-layout-flow wp-block-cover-is-layout-flow\">\n<p class=\"has-text-align-center has-small-font-size\">.<\/p>\n<\/div><\/div>\n\n\n\n<p class=\"has-text-align-center\">Participantes: Alumnos que cursen ESO y Bachillerato.<br>Fecha l\u00edmite de entrega de originales: 30 de abril de 2024 a las 21.00 h.<br>Tem\u00e1tica del relato: libre<\/p>\n\n\n\n<!--more-->\n\n\n\n<p>La Asociaci\u00f3n de Padres de Alumnos del Colegio Nuestra Se\u00f1ora del Buen Consejo,<br>convoca el IV CERTAMEN DE RELATO CORTO APA-CBC 2024. El objetivo de esta<br>convocatoria es fomentar el inter\u00e9s por la escritura y la creaci\u00f3n literaria entre los<br>alumnos del colegio.<\/p>\n\n\n\n<ol class=\"wp-block-list\">\n<li>Participaci\u00f3n<br>1.1. Podr\u00e1n concurrir todos los alumnos\/as que actualmente est\u00e9n cursando ESO<br>y Bachillerato en el Colegio Nuestra Se\u00f1ora del Buen Consejo, con una obra<br>original e in\u00e9dita que no haya sido premiada u obtenido alg\u00fan tipo de menci\u00f3n o<br>reconocimiento, ni publicada total o parcialmente, con anterioridad. El autor\/a<br>responde de la propieda<br>. El<br>incumplimiento de esta base ser\u00e1 responsabilidad exclusiva del participante.<br>1.2. Las obras ser\u00e1n de tem\u00e1tica libre. La extensi\u00f3n m\u00e1xima ser\u00e1 de 10 folios y la<br>m\u00ednima de 3.<br>1.3. Las obras estar\u00e1n escritas en castellano, en programa Word, Arial y 12 de<br>tama\u00f1o de letra, mecanografiadas a doble espacio. Las hojas deber\u00e1n estar<br>numeradas.<\/li>\n\n\n\n<li>Los trabajos se presentar\u00e1n bajo pseud\u00f3nimo, y no deber\u00e1n contener ning\u00fan dato<br>sobre su autor\u00eda impreso en los textos, ni firma que revele la identidad de su autor\/a.<br>2.1 Cada relato llevar\u00e1 el t\u00edtulo impreso en la primera p\u00e1gina seguido del pseud\u00f3nimo<br>del autor\/a.<\/li>\n\n\n\n<li>Forma de env\u00edo.<br>Los trabajos se enviar\u00e1n por mail a la direcci\u00f3n: apabuenconsejo@cbcmadrid.es,<br>indicando en el asunto: VI CERTAMEN DE RELATOS CORTOS APA-CBC.<br>En el correo se incluir\u00e1n dos archivos:<br>El primer archivo llamado RELATO, seguido del nombre de la obra, contendr\u00e1 la obra.<br>(Ejemplo: RELATO La luna de invierno)<br>El segundo archivo llamado PLICA, contendr\u00e1 los datos del autor (Ejemplo: PLICA La<br>luna de invierno) como se estipula a continuaci\u00f3n: <\/li>\n\n\n\n<li>No se admitir\u00e1n textos escritos por m\u00e1s de una persona, los textos no pueden ser<br>grupales, ni aquellos en los que aparezca en el propio texto la firma del autor o<br>cualquier informaci\u00f3n que pueda identificar al autor. Tampoco se admitir\u00e1n textos<br>ilegibles, con faltas de ortograf\u00eda, lenguaje ofensivo, mal presentado o maquetado y<br>que no cumplan con las bases establecidas.<\/li>\n\n\n\n<li>Se establecen los siguientes premios:<\/li>\n\n\n\n<li>El primer premio se divide en dos categor\u00edas:<br>De 1\u00ba a 3\u00ba de la ESO<br>De 4\u00ba de la ESO a 2\u00ba de Bachillerato<br>Los ganadores recibir\u00e1n un premio en met\u00e1lico de 200 euros<\/li>\n\n\n\n<li>Igualmente, se establecen dos segundos premios por categor\u00eda, que recibir\u00e1n un<br>regalo conmemorativo, y dos menciones o terceros premios, que ser\u00e1n reconocidos<br>con un diploma.<\/li>\n\n\n\n<li>Podr\u00e1 presentarse un m\u00e1ximo de un relato por autor\/a.<\/li>\n\n\n\n<li>El plazo para la presentaci\u00f3n de los relatos finalizar\u00e1 a las 21.00 horas, del 30 de abril<br>de 2024. Los trabajos que lleguen despu\u00e9s de esta hora y fecha se considerar\u00e1n<br>fuera de plazo, sea cual fuere su forma de env\u00edo y fecha del mismo. La APA del<br>Colegio Nuestra Se\u00f1ora del Buen Consejo, no mantendr\u00e1n correspondencia con los<br>autores\/as durante las votaciones.<\/li>\n\n\n\n<li>El jurado estar\u00e1 compuesto por miembros de la Junta de la APA Buen Consejo<\/li>\n\n\n\n<li>El fallo del jurado ser\u00e1 inapelable, se har\u00e1 p\u00fablico a finales de mayo de 2024. Los<br>finalistas se comprometen a asistir personalmente al fallo del jurado y entrega de<br>premios.<\/li>\n\n\n\n<li>El jurado se reserva el derecho a declarar el concurso desierto si ninguno de los<br>trabajos presentados se ajusta a los criterios para los que se convoca o no tienen la<br>calidad necesaria.<\/li>\n\n\n\n<li>Los participantes se comprometen a ceder sus derechos de autor a la APA del<br>Colegio Nuestra Se\u00f1ora del Buen Consejo exclusivamente a efectos de poder ser<br>compartidas y\/o adaptadas para prop\u00f3sitos de difusi\u00f3n (redes sociales, plataformas<br>digitales, material impreso y audiovisual, entre otros) con fines exclusivamente<br>culturales y acad\u00e9micos y, en ning\u00fan caso, con una finalidad lucrativa para la APA.<\/li>\n\n\n\n<li>La participaci\u00f3n en este concurso supone la total aceptaci\u00f3n de las decisiones del<br>jurado, as\u00ed como de todas y cada una de sus bases, reserv\u00e1ndose los organizadores<br>el derecho de interpretarlas o modificar alguna de las fechas establecidas por causa<br>mayor.<\/li>\n<\/ol>\n\n\n\n<p class=\"has-text-align-center\">Juan Luis Jim\u00e9nez Bernal<br>Presidente APA Colegio Nuestra Se\u00f1ora del Buen Consejo<\/p>\n\n\n\n<div class=\"wp-block-file\"><a id=\"wp-block-file--media-fbf9422c-e6c0-472d-93bf-b728943343f6\" href=\"https:\/\/apabuenconsejo-madrid.es\/wp-content\/uploads\/2023\/11\/vi-certamen-de-relato-corto-apa-cbc-2024.pdf\" target=\"_blank\" rel=\"noreferrer noopener\">vi-certamen-de-relato-corto-apa-cbc-2024<\/a><a href=\"https:\/\/apabuenconsejo-madrid.es\/wp-content\/uploads\/2023\/11\/vi-certamen-de-relato-corto-apa-cbc-2024.pdf\" class=\"wp-block-file__button wp-element-button\" download aria-describedby=\"wp-block-file--media-fbf9422c-e6c0-472d-93bf-b728943343f6\">Descarga<\/a><\/div>\n","protected":false},"excerpt":{"rendered":"<p>Queridas familias:La Junta Directiva de la Asociaci\u00f3n de Padres de Alumnos del Colegio Nuestra Se\u00f1oradel Buen Consejo convoca el VI CERTAMEN DE RELATO CORTO APA BUENCONSEJO 2024, con el objetivo de promover y estimular la creaci\u00f3n literaria entre losalumnos del &hellip; <a href=\"https:\/\/apacbc.es\/apahistorico\/iv-certamen-de-relato-corto-apa-buen-consejo\/\">Sigue leyendo <span class=\"meta-nav\">&rarr;<\/span><\/a><\/p>\n","protected":false},"author":1,"featured_media":0,"comment_status":"closed","ping_status":"closed","sticky":false,"template":"","format":"standard","meta":{"footnotes":""},"categories":[4,10],"tags":[16,30],"class_list":["post-5144","post","type-post","status-publish","format-standard","hentry","category-cultura","category-sin-categoria","tag-apacbc","tag-cultura"],"_links":{"self":[{"href":"https:\/\/apacbc.es\/apahistorico\/wp-json\/wp\/v2\/posts\/5144"}],"collection":[{"href":"https:\/\/apacbc.es\/apahistorico\/wp-json\/wp\/v2\/posts"}],"about":[{"href":"https:\/\/apacbc.es\/apahistorico\/wp-json\/wp\/v2\/types\/post"}],"author":[{"embeddable":true,"href":"https:\/\/apacbc.es\/apahistorico\/wp-json\/wp\/v2\/users\/1"}],"replies":[{"embeddable":true,"href":"https:\/\/apacbc.es\/apahistorico\/wp-json\/wp\/v2\/comments?post=5144"}],"version-history":[{"count":0,"href":"https:\/\/apacbc.es\/apahistorico\/wp-json\/wp\/v2\/posts\/5144\/revisions"}],"wp:attachment":[{"href":"https:\/\/apacbc.es\/apahistorico\/wp-json\/wp\/v2\/media?parent=5144"}],"wp:term":[{"taxonomy":"category","embeddable":true,"href":"https:\/\/apacbc.es\/apahistorico\/wp-json\/wp\/v2\/categories?post=5144"},{"taxonomy":"post_tag","embeddable":true,"href":"https:\/\/apacbc.es\/apahistorico\/wp-json\/wp\/v2\/tags?post=5144"}],"curies":[{"name":"wp","href":"https:\/\/api.w.org\/{rel}","templated":true}]}}