{"id":5189,"date":"2023-12-13T22:19:28","date_gmt":"2023-12-13T21:19:28","guid":{"rendered":"https:\/\/apabuenconsejo-madrid.es\/?p=5189"},"modified":"2023-12-13T22:19:28","modified_gmt":"2023-12-13T21:19:28","slug":"festival-de-navidad","status":"publish","type":"post","link":"https:\/\/apacbc.es\/apahistorico\/festival-de-navidad\/","title":{"rendered":"Festival de Navidad"},"content":{"rendered":"\n<p>Est\u00e1is todos invitados al Festival de Navidad: villancicos de 3 y 4 de primaria, Coro del CBC, rifa solidaria y merienda.<\/p>\n\n\n\n<p>Se celebrar\u00e1 el pr\u00f3ximo <strong>d\u00eda 15 de diciembre de 2023<\/strong>, dando comienzo en el sal\u00f3n de actos a las <strong>17:30 horas<\/strong>.<\/p>\n\n\n\n<div class=\"wp-block-jetpack-slideshow aligncenter\" data-effect=\"slide\"><div class=\"wp-block-jetpack-slideshow_container swiper-container\"><ul class=\"wp-block-jetpack-slideshow_swiper-wrapper swiper-wrapper\"><li class=\"wp-block-jetpack-slideshow_slide swiper-slide\"><figure><img decoding=\"async\" alt=\"\" class=\"wp-block-jetpack-slideshow_image wp-image-5192\" data-id=\"5192\" src=\"https:\/\/apabuenconsejo-madrid.es\/wp-content\/uploads\/2023\/12\/captura-de-pantalla-2023-12-13-221813.png?w=330\" \/><\/figure><\/li><li class=\"wp-block-jetpack-slideshow_slide swiper-slide\"><figure><img decoding=\"async\" alt=\"\" class=\"wp-block-jetpack-slideshow_image wp-image-5194\" data-id=\"5194\" src=\"https:\/\/apabuenconsejo-madrid.es\/wp-content\/uploads\/2023\/12\/captura-de-pantalla-2023-12-13-221853.png\" \/><\/figure><\/li><\/ul><a class=\"wp-block-jetpack-slideshow_button-prev swiper-button-prev swiper-button-white\" role=\"button\"><\/a><a class=\"wp-block-jetpack-slideshow_button-next swiper-button-next swiper-button-white\" role=\"button\"><\/a><a aria-label=\"Pause Slideshow\" class=\"wp-block-jetpack-slideshow_button-pause\" role=\"button\"><\/a><div class=\"wp-block-jetpack-slideshow_pagination swiper-pagination swiper-pagination-white\"><\/div><\/div><\/div>\n","protected":false},"excerpt":{"rendered":"<p>Est\u00e1is todos invitados al Festival de Navidad: villancicos de 3 y 4 de primaria, Coro del CBC, rifa solidaria y merienda. Se celebrar\u00e1 el pr\u00f3ximo d\u00eda 15 de diciembre de 2023, dando comienzo en el sal\u00f3n de actos a las &hellip; <a href=\"https:\/\/apacbc.es\/apahistorico\/festival-de-navidad\/\">Sigue leyendo <span class=\"meta-nav\">&rarr;<\/span><\/a><\/p>\n","protected":false},"author":1,"featured_media":0,"comment_status":"closed","ping_status":"closed","sticky":false,"template":"","format":"standard","meta":{"footnotes":""},"categories":[2,8],"tags":[16,49],"class_list":["post-5189","post","type-post","status-publish","format-standard","hentry","category-apa-cbc","category-relacion-con-los-asociados","tag-apacbc","tag-familias"],"_links":{"self":[{"href":"https:\/\/apacbc.es\/apahistorico\/wp-json\/wp\/v2\/posts\/5189"}],"collection":[{"href":"https:\/\/apacbc.es\/apahistorico\/wp-json\/wp\/v2\/posts"}],"about":[{"href":"https:\/\/apacbc.es\/apahistorico\/wp-json\/wp\/v2\/types\/post"}],"author":[{"embeddable":true,"href":"https:\/\/apacbc.es\/apahistorico\/wp-json\/wp\/v2\/users\/1"}],"replies":[{"embeddable":true,"href":"https:\/\/apacbc.es\/apahistorico\/wp-json\/wp\/v2\/comments?post=5189"}],"version-history":[{"count":0,"href":"https:\/\/apacbc.es\/apahistorico\/wp-json\/wp\/v2\/posts\/5189\/revisions"}],"wp:attachment":[{"href":"https:\/\/apacbc.es\/apahistorico\/wp-json\/wp\/v2\/media?parent=5189"}],"wp:term":[{"taxonomy":"category","embeddable":true,"href":"https:\/\/apacbc.es\/apahistorico\/wp-json\/wp\/v2\/categories?post=5189"},{"taxonomy":"post_tag","embeddable":true,"href":"https:\/\/apacbc.es\/apahistorico\/wp-json\/wp\/v2\/tags?post=5189"}],"curies":[{"name":"wp","href":"https:\/\/api.w.org\/{rel}","templated":true}]}}