{"id":5283,"date":"2024-02-20T22:50:13","date_gmt":"2024-02-20T21:50:13","guid":{"rendered":"https:\/\/apabuenconsejo-madrid.es\/?p=5283"},"modified":"2024-02-20T22:50:13","modified_gmt":"2024-02-20T21:50:13","slug":"el-club-de-los-molones-musica-y-movimiento-iii","status":"publish","type":"post","link":"https:\/\/apacbc.es\/apahistorico\/el-club-de-los-molones-musica-y-movimiento-iii\/","title":{"rendered":"El club de los molones: m\u00fasica y movimiento III"},"content":{"rendered":"\n<p class=\"has-text-align-center\"><strong>Pr\u00f3xima fecha: 1 de marzo de 2024<\/strong><\/p>\n\n\n\n<p><strong>QU\u00c9<\/strong>: m\u00fasica, deporte, danza, iniciaci\u00f3n a autores (Vivaldi, Mozart), etc.<\/p>\n\n\n\n<p><strong>QUI\u00c9N<\/strong>: Patricia Gayoso (Magisterio Ed. Infantil y Lengua extranjera, profesora de Danza, ballet, sevillanas, m\u00fasica en familia, etc).<\/p>\n\n\n\n<p><strong>A QUI\u00c9N<\/strong>: De 3 A\u00d1OS hasta PRIMERO PRIMARIA (m\u00e1x. 15 ni\u00f1@s).<\/p>\n\n\n\n<p><strong>CU\u00c1NDO<\/strong>: <span style=\"text-decoration: underline\">\u00faltimo viernes de cada mes<\/span>. De 17:00 h. a 18:15 h. (se les lleva directamente desde clase).<\/p>\n\n\n\n<p><strong>CU\u00c1NTO<\/strong>: 6 \u20ac (asociados) \/ 10 \u20ac (no asociados). Lo recaudado se destinar\u00e1 \u00edntegramente a la bolsa de Ayuda a familias de la APA.<\/p>\n\n\n\n<p class=\"has-text-align-center has-large-font-size\"><a href=\"https:\/\/docs.google.com\/forms\/d\/e\/1FAIpQLSd5hpzAZo7tq42Ra-p01hs3cOY78zr-oSjGQwxragsHti_pZQ\/viewform\">INSCRIBITE AQUI<\/a><\/p>\n\n\n\n<figure class=\"wp-block-image size-large\"><a href=\"https:\/\/bit.ly\/apa-cbc-musicaymovimiento-nov\"><img decoding=\"async\" src=\"https:\/\/apabuenconsejo-madrid.es\/wp-content\/uploads\/2023\/10\/captura-de-pantalla-2023-10-31-230115.png?w=878\" alt=\"\" class=\"wp-image-5095\" \/><\/a><\/figure>\n\n\n\n<div class=\"wp-block-file\"><a id=\"wp-block-file--media-c7b6fa2f-e672-46f6-a9a8-44f84d82116f\" href=\"https:\/\/apabuenconsejo-madrid.es\/wp-content\/uploads\/2024\/02\/el-club-de-los-molones-3.pdf\">el-club-de-los-molones-3<\/a><a href=\"https:\/\/apabuenconsejo-madrid.es\/wp-content\/uploads\/2024\/02\/el-club-de-los-molones-3.pdf\" class=\"wp-block-file__button wp-element-button\" download aria-describedby=\"wp-block-file--media-c7b6fa2f-e672-46f6-a9a8-44f84d82116f\">Descarga<\/a><\/div>\n","protected":false},"excerpt":{"rendered":"<p>Pr\u00f3xima fecha: 1 de marzo de 2024 QU\u00c9: m\u00fasica, deporte, danza, iniciaci\u00f3n a autores (Vivaldi, Mozart), etc. QUI\u00c9N: Patricia Gayoso (Magisterio Ed. Infantil y Lengua extranjera, profesora de Danza, ballet, sevillanas, m\u00fasica en familia, etc). A QUI\u00c9N: De 3 A\u00d1OS &hellip; <a href=\"https:\/\/apacbc.es\/apahistorico\/el-club-de-los-molones-musica-y-movimiento-iii\/\">Sigue leyendo <span class=\"meta-nav\">&rarr;<\/span><\/a><\/p>\n","protected":false},"author":1,"featured_media":0,"comment_status":"closed","ping_status":"closed","sticky":false,"template":"","format":"standard","meta":{"footnotes":""},"categories":[2,4,8],"tags":[16,49],"class_list":["post-5283","post","type-post","status-publish","format-standard","hentry","category-apa-cbc","category-cultura","category-relacion-con-los-asociados","tag-apacbc","tag-familias"],"_links":{"self":[{"href":"https:\/\/apacbc.es\/apahistorico\/wp-json\/wp\/v2\/posts\/5283"}],"collection":[{"href":"https:\/\/apacbc.es\/apahistorico\/wp-json\/wp\/v2\/posts"}],"about":[{"href":"https:\/\/apacbc.es\/apahistorico\/wp-json\/wp\/v2\/types\/post"}],"author":[{"embeddable":true,"href":"https:\/\/apacbc.es\/apahistorico\/wp-json\/wp\/v2\/users\/1"}],"replies":[{"embeddable":true,"href":"https:\/\/apacbc.es\/apahistorico\/wp-json\/wp\/v2\/comments?post=5283"}],"version-history":[{"count":0,"href":"https:\/\/apacbc.es\/apahistorico\/wp-json\/wp\/v2\/posts\/5283\/revisions"}],"wp:attachment":[{"href":"https:\/\/apacbc.es\/apahistorico\/wp-json\/wp\/v2\/media?parent=5283"}],"wp:term":[{"taxonomy":"category","embeddable":true,"href":"https:\/\/apacbc.es\/apahistorico\/wp-json\/wp\/v2\/categories?post=5283"},{"taxonomy":"post_tag","embeddable":true,"href":"https:\/\/apacbc.es\/apahistorico\/wp-json\/wp\/v2\/tags?post=5283"}],"curies":[{"name":"wp","href":"https:\/\/api.w.org\/{rel}","templated":true}]}}