{"id":5320,"date":"2024-03-05T18:02:53","date_gmt":"2024-03-05T17:02:53","guid":{"rendered":"https:\/\/apabuenconsejo-madrid.es\/?p=5320"},"modified":"2024-03-05T18:02:53","modified_gmt":"2024-03-05T17:02:53","slug":"infantil-y-primaria-resolucion-de-problemas","status":"publish","type":"post","link":"https:\/\/apacbc.es\/apahistorico\/infantil-y-primaria-resolucion-de-problemas\/","title":{"rendered":"Infantil y Primaria: Resoluci\u00f3n de problemas."},"content":{"rendered":"\n<p>Estimadas familias:<br><\/p>\n\n\n\n<p>Desde el Departamento de Orientaci\u00f3n y en colaboraci\u00f3n con el APA, os invitamos a asistir a la interesante charla \u201cResoluci\u00f3n de problemas: tolerancia a la frustraci\u00f3n y capacidad de pedir ayuda\u201d, de manos de una experta en Psicolog\u00eda y en Gesti\u00f3n Emocional, que nos hablar\u00e1 del proceso de resoluci\u00f3n de problemas como una herramienta esencial para fomentar la calidad de vida tanto f\u00edsica como mental, pasando por conceptos tan importantes como la tolerancia a la frustraci\u00f3n, la inteligencia emocional y la capacidad de pedir ayuda. \u00bfQui\u00e9n no desea que su hijo o hija le pidiera ayuda en caso de necesitarlo, en lugar de esperar hasta no poder m\u00e1s? A trav\u00e9s de este interesante taller aprenderemos las bases para lograrlo y tomaremos conciencia de los errores comunes que habitualmente cometemos.<\/p>\n\n\n\n<p class=\"has-text-align-center has-blue-color has-light-gray-background-color has-text-color has-background has-link-color has-medium-font-size wp-elements-a7aa312a8c876c2e02d574c9c16eb820\"><a href=\"https:\/\/apabuenconsejo-madrid.es\/2024\/03\/05\/infantil-y-primaria-resolucion-de-problemas\/#more-5320\">NECESARIO INSCRIBIRSE. LEER M\u00c1S.<\/a><\/p>\n\n\n<div class=\"wp-block-image\">\n<figure class=\"aligncenter size-large is-resized\"><a href=\"https:\/\/apabuenconsejo-madrid.es\/wp-content\/uploads\/2024\/03\/captura-de-pantalla-2024-03-05-175635-1.png\"><img decoding=\"async\" src=\"https:\/\/apabuenconsejo-madrid.es\/wp-content\/uploads\/2024\/03\/captura-de-pantalla-2024-03-05-175635-1.png?w=516\" alt=\"\" class=\"wp-image-5323\" style=\"width:293px;height:auto\" \/><\/a><\/figure><\/div>\n\n\n<div class=\"wp-block-file\"><a id=\"wp-block-file--media-76082ffb-f2a2-47dd-ba8b-acfd26bca88f\" href=\"https:\/\/apabuenconsejo-madrid.es\/wp-content\/uploads\/2024\/03\/circular-charla.pdf\">circular-charla<\/a><a href=\"https:\/\/apabuenconsejo-madrid.es\/wp-content\/uploads\/2024\/03\/circular-charla.pdf\" class=\"wp-block-file__button wp-element-button\" download aria-describedby=\"wp-block-file--media-76082ffb-f2a2-47dd-ba8b-acfd26bca88f\">Descarga<\/a><\/div>\n\n\n\n<!--more-->\n\n\n\n<p>Se abordar\u00e1n los siguientes temas con un enfoque pr\u00e1ctico:<\/p>\n\n\n\n<ol class=\"wp-block-list\">\n<li>La importancia de la Resoluci\u00f3n de problemas en el d\u00eda d\u00eda.<\/li>\n\n\n\n<li>Mecanismos necesarios que intervienen en el proceso.<\/li>\n\n\n\n<li>\u00bfC\u00f3mo es el cerebro del ni\u00f1o en cada parte del proceso?<\/li>\n\n\n\n<li>El papel del padre y de la madre.<\/li>\n\n\n\n<li>Errores m\u00e1s comunes: casos pr\u00e1cticos.<\/li>\n\n\n\n<li>\u00bfC\u00f3mo podemos educar para potenciar el proceso de Resoluci\u00f3n de problemas?<br><\/li>\n<\/ol>\n\n\n\n<p>Dirigido a: Etapa de Infantil y Etapa de Primaria.<br>Impartido por: GEMMA DESPIERTO<br>Licenciada en Psicolog\u00eda y especialista en Neuropsicolog\u00eda Cl\u00ednica. Posgrados orientados a la<br>comprensi\u00f3n de la integridad del ser humano y la psicolog\u00eda perinatal. Psic\u00f3loga en el \u00e1mbito<br>privado, profesi\u00f3n que combina con la realizaci\u00f3n de conferencias y talleres en centros<br>educativos. Escritora e ilustradora. Hace divulgaci\u00f3n sobre salud mental a trav\u00e9s de un espacio<br>propio en redes sociales. Madre de familia.<\/p>\n\n\n\n<p><br><strong>D\u00eda: JUEVES, 7 DE MARZO<br>Horario: De 17:30 h a 19:00 h<br>Lugar: Audiovisuales<\/strong><\/p>\n\n\n\n<p class=\"has-text-align-center\"><br>Es necesario confirmar la asistencia a la charla a trav\u00e9s del siguiente enlace:<br>https:\/\/forms.gle\/XHn64WnqQgEVzTJL9<\/p>\n\n\n\n<p class=\"has-text-align-center\"><br>Para facilitar la asistencia a las familias interesadas, contaremos con el servicio de guarder\u00eda a<br>cargo de los Scouts del colegio, gestionado por el APA. Aquellas familias interesadas lo deben<br>confirmar antes del 6 de marzo a trav\u00e9s del siguiente enlace:<br>https:\/\/forms.gle\/fYYSNdXiua2GKcTr8<\/p>\n","protected":false},"excerpt":{"rendered":"<p>Estimadas familias: Desde el Departamento de Orientaci\u00f3n y en colaboraci\u00f3n con el APA, os invitamos a asistir a la interesante charla \u201cResoluci\u00f3n de problemas: tolerancia a la frustraci\u00f3n y capacidad de pedir ayuda\u201d, de manos de una experta en Psicolog\u00eda &hellip; <a href=\"https:\/\/apacbc.es\/apahistorico\/infantil-y-primaria-resolucion-de-problemas\/\">Sigue leyendo <span class=\"meta-nav\">&rarr;<\/span><\/a><\/p>\n","protected":false},"author":1,"featured_media":0,"comment_status":"closed","ping_status":"closed","sticky":false,"template":"","format":"standard","meta":{"footnotes":""},"categories":[4,9],"tags":[16],"class_list":["post-5320","post","type-post","status-publish","format-standard","hentry","category-cultura","category-relaciones-asociados","tag-apacbc"],"_links":{"self":[{"href":"https:\/\/apacbc.es\/apahistorico\/wp-json\/wp\/v2\/posts\/5320"}],"collection":[{"href":"https:\/\/apacbc.es\/apahistorico\/wp-json\/wp\/v2\/posts"}],"about":[{"href":"https:\/\/apacbc.es\/apahistorico\/wp-json\/wp\/v2\/types\/post"}],"author":[{"embeddable":true,"href":"https:\/\/apacbc.es\/apahistorico\/wp-json\/wp\/v2\/users\/1"}],"replies":[{"embeddable":true,"href":"https:\/\/apacbc.es\/apahistorico\/wp-json\/wp\/v2\/comments?post=5320"}],"version-history":[{"count":0,"href":"https:\/\/apacbc.es\/apahistorico\/wp-json\/wp\/v2\/posts\/5320\/revisions"}],"wp:attachment":[{"href":"https:\/\/apacbc.es\/apahistorico\/wp-json\/wp\/v2\/media?parent=5320"}],"wp:term":[{"taxonomy":"category","embeddable":true,"href":"https:\/\/apacbc.es\/apahistorico\/wp-json\/wp\/v2\/categories?post=5320"},{"taxonomy":"post_tag","embeddable":true,"href":"https:\/\/apacbc.es\/apahistorico\/wp-json\/wp\/v2\/tags?post=5320"}],"curies":[{"name":"wp","href":"https:\/\/api.w.org\/{rel}","templated":true}]}}