{"id":5375,"date":"2024-03-11T08:02:09","date_gmt":"2024-03-11T07:02:09","guid":{"rendered":"https:\/\/apabuenconsejo-madrid.es\/?p=5375"},"modified":"2024-03-11T08:02:09","modified_gmt":"2024-03-11T07:02:09","slug":"especial-jornadas-8m-gracias","status":"publish","type":"post","link":"https:\/\/apacbc.es\/apahistorico\/especial-jornadas-8m-gracias\/","title":{"rendered":"Especial Jornadas 8M: \u00a1gracias!"},"content":{"rendered":"\n<p>En la I Jornada del 8M en el CBC se habl\u00f3:<\/p>\n\n\n\n<ul class=\"wp-block-list\">\n<li>a los peques de Infantil, de c\u00f3mo tener un coraz\u00f3n y unos dientes sanos; \u2764\ufe0f\u200d\ud83e\ude79\ud83e\uddb7<\/li>\n<\/ul>\n\n\n\n<ul class=\"wp-block-list\">\n<li>a los alumnos de Primaria, del ej\u00e9rcito, de alta cocina, de medicamentos y de investigaci\u00f3n oncol\u00f3gica; \ud83c\udf96\ufe0f\ud83e\udd67\ud83d\udc89\ud83d\udd2c<\/li>\n<\/ul>\n\n\n\n<ul class=\"wp-block-list\">\n<li>a los de Secundaria, del 3D aplicado a la biomedicina y a la animaci\u00f3n y publicidad; \ud83e\uddec\ud83d\udda5\ufe0f y a los de Bachillerato, de todo ello \ud83c\udf0d <\/li>\n<\/ul>\n\n\n\n<p>Y se lanzaron mensajes de trabajo, empat\u00eda, estudio, resiliencia, esfuerzo, sosiego \ud83d\udc8c<\/p>\n\n\n\n<p>Fue un d\u00eda para el recuerdo \ud83d\udc4c\u263a\ufe0f<\/p>\n\n\n\n<p>Mar\u00eda, Maite, Montse, Sara, Marga, Bel\u00e9n, Puri, Ana, Alicia y, aunque no pudieron estar en persona, pero nos mandaron un mensaje que pudieron ver todos y p\u00f3sters para los chavales, M\u00f3nica y Carmen. A todas:<\/p>\n\n\n\n<p class=\"has-text-align-center\">\u00a1\u00a1UN MILL\u00d3N DE GRACIAS!! \ud83e\udef6 \ud83e\udec0\ud83e\ude78\ud83d\udcbb\ud83e\uddc1\ud83d\udef0\ufe0f\ud83e\uddb7\ud83e\ude96\ud83e\ude7a\ud83e\udda0\ud83e\uddec<\/p>\n\n\n\n<p class=\"has-text-align-center\"><strong>\u00a1Esperamos repetir!<\/strong><\/p>\n\n\n<div class=\"wp-block-image\">\n<figure class=\"aligncenter size-large is-resized\"><a href=\"https:\/\/apabuenconsejo-madrid.es\/wp-content\/uploads\/2024\/03\/whatsapp-image-2024-03-09-at-10.17.19.jpeg\"><img decoding=\"async\" src=\"https:\/\/apabuenconsejo-madrid.es\/wp-content\/uploads\/2024\/03\/whatsapp-image-2024-03-09-at-10.17.19.jpeg?w=682\" alt=\"\" class=\"wp-image-5377\" style=\"width:495px;height:auto\" \/><\/a><\/figure><\/div>","protected":false},"excerpt":{"rendered":"<p>En la I Jornada del 8M en el CBC se habl\u00f3: Y se lanzaron mensajes de trabajo, empat\u00eda, estudio, resiliencia, esfuerzo, sosiego \ud83d\udc8c Fue un d\u00eda para el recuerdo \ud83d\udc4c\u263a\ufe0f Mar\u00eda, Maite, Montse, Sara, Marga, Bel\u00e9n, Puri, Ana, Alicia y, &hellip; <a href=\"https:\/\/apacbc.es\/apahistorico\/especial-jornadas-8m-gracias\/\">Sigue leyendo <span class=\"meta-nav\">&rarr;<\/span><\/a><\/p>\n","protected":false},"author":1,"featured_media":0,"comment_status":"closed","ping_status":"closed","sticky":false,"template":"","format":"standard","meta":{"footnotes":""},"categories":[2,8],"tags":[16],"class_list":["post-5375","post","type-post","status-publish","format-standard","hentry","category-apa-cbc","category-relacion-con-los-asociados","tag-apacbc"],"_links":{"self":[{"href":"https:\/\/apacbc.es\/apahistorico\/wp-json\/wp\/v2\/posts\/5375"}],"collection":[{"href":"https:\/\/apacbc.es\/apahistorico\/wp-json\/wp\/v2\/posts"}],"about":[{"href":"https:\/\/apacbc.es\/apahistorico\/wp-json\/wp\/v2\/types\/post"}],"author":[{"embeddable":true,"href":"https:\/\/apacbc.es\/apahistorico\/wp-json\/wp\/v2\/users\/1"}],"replies":[{"embeddable":true,"href":"https:\/\/apacbc.es\/apahistorico\/wp-json\/wp\/v2\/comments?post=5375"}],"version-history":[{"count":0,"href":"https:\/\/apacbc.es\/apahistorico\/wp-json\/wp\/v2\/posts\/5375\/revisions"}],"wp:attachment":[{"href":"https:\/\/apacbc.es\/apahistorico\/wp-json\/wp\/v2\/media?parent=5375"}],"wp:term":[{"taxonomy":"category","embeddable":true,"href":"https:\/\/apacbc.es\/apahistorico\/wp-json\/wp\/v2\/categories?post=5375"},{"taxonomy":"post_tag","embeddable":true,"href":"https:\/\/apacbc.es\/apahistorico\/wp-json\/wp\/v2\/tags?post=5375"}],"curies":[{"name":"wp","href":"https:\/\/api.w.org\/{rel}","templated":true}]}}