{"id":5462,"date":"2024-04-15T22:11:43","date_gmt":"2024-04-15T20:11:43","guid":{"rendered":"https:\/\/apabuenconsejo-madrid.es\/?p=5462"},"modified":"2024-04-15T22:11:43","modified_gmt":"2024-04-15T20:11:43","slug":"el-club-de-los-molones-musica-y-movimiento-iv","status":"publish","type":"post","link":"https:\/\/apacbc.es\/apahistorico\/el-club-de-los-molones-musica-y-movimiento-iv\/","title":{"rendered":"El club de los molones: m\u00fasica y movimiento IV"},"content":{"rendered":"\n<p class=\"has-text-align-center\"><strong>Pr\u00f3xima fecha: 12 de abril de 2024<\/strong><\/p>\n\n\n\n<p><strong>QU\u00c9<\/strong>: m\u00fasica, deporte, danza, iniciaci\u00f3n a autores (Vivaldi, Mozart), etc.<\/p>\n\n\n\n<p><strong>QUI\u00c9N<\/strong>: Patricia Gayoso (Magisterio Ed. Infantil y Lengua extranjera, profesora de Danza, ballet, sevillanas, m\u00fasica en familia, etc).<\/p>\n\n\n\n<p><strong>A QUI\u00c9N<\/strong>: De 3 A\u00d1OS hasta PRIMERO PRIMARIA (m\u00e1x. 15 ni\u00f1@s).<\/p>\n\n\n\n<p><strong>CU\u00c1NDO<\/strong>: <span style=\"text-decoration: underline\">\u00faltimo viernes de cada mes<\/span>. De 17:00 h. a 18:15 h. (se les lleva directamente desde clase).<\/p>\n\n\n\n<p><strong>CU\u00c1NTO<\/strong>: 6 \u20ac (asociados) \/ 10 \u20ac (no asociados). Lo recaudado se destinar\u00e1 \u00edntegramente a la bolsa de Ayuda a familias de la APA.<\/p>\n\n\n\n<p class=\"has-text-align-center has-large-font-size\"><a href=\"https:\/\/bit.ly\/APA-CBC-musicaymovimiento-abril\">INSCRIBETE AQUI<\/a><\/p>\n\n\n\n<figure class=\"wp-block-image size-large\"><a href=\"https:\/\/apabuenconsejo-madrid.es\/wp-content\/uploads\/2024\/04\/captura-de-pantalla-2024-04-15-221013.png\"><img decoding=\"async\" src=\"https:\/\/apabuenconsejo-madrid.es\/wp-content\/uploads\/2024\/04\/captura-de-pantalla-2024-04-15-221013.png?w=1024\" alt=\"\" class=\"wp-image-5463\" \/><\/a><\/figure>\n\n\n\n<!--more-->\n\n\n\n<div data-wp-interactive=\"core\/file\" class=\"wp-block-file\"><object data-wp-bind--hidden=\"!state.hasPdfPreview\"  class=\"wp-block-file__embed\" data=\"https:\/\/apabuenconsejo-madrid.es\/wp-content\/uploads\/2024\/04\/el-club-de-los-molones-4.pdf\" type=\"application\/pdf\" style=\"width:100%;height:600px\" aria-label=\"Incrustado de el-club-de-los-molones-4.\"><\/object><a id=\"wp-block-file--media-435a261e-db37-43d5-8c55-99e752583f01\" href=\"https:\/\/apabuenconsejo-madrid.es\/wp-content\/uploads\/2024\/04\/el-club-de-los-molones-4.pdf\">el-club-de-los-molones-4<\/a><a href=\"https:\/\/apabuenconsejo-madrid.es\/wp-content\/uploads\/2024\/04\/el-club-de-los-molones-4.pdf\" class=\"wp-block-file__button wp-element-button\" download aria-describedby=\"wp-block-file--media-435a261e-db37-43d5-8c55-99e752583f01\">Descarga<\/a><\/div>\n","protected":false},"excerpt":{"rendered":"<p>Pr\u00f3xima fecha: 12 de abril de 2024 QU\u00c9: m\u00fasica, deporte, danza, iniciaci\u00f3n a autores (Vivaldi, Mozart), etc. QUI\u00c9N: Patricia Gayoso (Magisterio Ed. Infantil y Lengua extranjera, profesora de Danza, ballet, sevillanas, m\u00fasica en familia, etc). A QUI\u00c9N: De 3 A\u00d1OS &hellip; <a href=\"https:\/\/apacbc.es\/apahistorico\/el-club-de-los-molones-musica-y-movimiento-iv\/\">Sigue leyendo <span class=\"meta-nav\">&rarr;<\/span><\/a><\/p>\n","protected":false},"author":1,"featured_media":0,"comment_status":"closed","ping_status":"closed","sticky":false,"template":"","format":"standard","meta":{"footnotes":""},"categories":[2,4,8],"tags":[16,49],"class_list":["post-5462","post","type-post","status-publish","format-standard","hentry","category-apa-cbc","category-cultura","category-relacion-con-los-asociados","tag-apacbc","tag-familias"],"_links":{"self":[{"href":"https:\/\/apacbc.es\/apahistorico\/wp-json\/wp\/v2\/posts\/5462"}],"collection":[{"href":"https:\/\/apacbc.es\/apahistorico\/wp-json\/wp\/v2\/posts"}],"about":[{"href":"https:\/\/apacbc.es\/apahistorico\/wp-json\/wp\/v2\/types\/post"}],"author":[{"embeddable":true,"href":"https:\/\/apacbc.es\/apahistorico\/wp-json\/wp\/v2\/users\/1"}],"replies":[{"embeddable":true,"href":"https:\/\/apacbc.es\/apahistorico\/wp-json\/wp\/v2\/comments?post=5462"}],"version-history":[{"count":0,"href":"https:\/\/apacbc.es\/apahistorico\/wp-json\/wp\/v2\/posts\/5462\/revisions"}],"wp:attachment":[{"href":"https:\/\/apacbc.es\/apahistorico\/wp-json\/wp\/v2\/media?parent=5462"}],"wp:term":[{"taxonomy":"category","embeddable":true,"href":"https:\/\/apacbc.es\/apahistorico\/wp-json\/wp\/v2\/categories?post=5462"},{"taxonomy":"post_tag","embeddable":true,"href":"https:\/\/apacbc.es\/apahistorico\/wp-json\/wp\/v2\/tags?post=5462"}],"curies":[{"name":"wp","href":"https:\/\/api.w.org\/{rel}","templated":true}]}}